{"id":9663,"date":"2025-10-03T10:34:10","date_gmt":"2025-10-03T08:34:10","guid":{"rendered":"https:\/\/thesolo.house\/?p=9663"},"modified":"2025-10-03T10:40:19","modified_gmt":"2025-10-03T08:40:19","slug":"the-solo-house-x-emilia-romagna-at-expo-osaka-2025","status":"publish","type":"post","link":"https:\/\/thesolo.house\/it\/brands\/the-solo-house-x-emilia-romagna-at-expo-osaka-2025\/","title":{"rendered":"The Solo House x Emilia-Romagna a Expo Osaka 2025"},"content":{"rendered":"<div data-elementor-type=\"wp-post\" data-elementor-id=\"9663\" class=\"elementor elementor-9663\">\n\t\t\t\t<div class=\"elementor-element elementor-element-b036117 e-flex e-con-boxed e-con e-parent\" data-id=\"b036117\" data-element_type=\"container\" data-e-type=\"container\">\n\t\t\t\t\t<div class=\"e-con-inner\">\n\t\t\t\t<div class=\"elementor-element elementor-element-bdca033 elementor-widget elementor-widget-image\" data-id=\"bdca033\" data-element_type=\"widget\" data-e-type=\"widget\" data-widget_type=\"image.default\">\n\t\t\t\t<div class=\"elementor-widget-container\">\n\t\t\t\t\t\t\t\t\t\t\t\t<figure class=\"wp-caption\">\n\t\t\t\t\t\t\t\t\t\t<img fetchpriority=\"high\" decoding=\"async\" width=\"1682\" height=\"1110\" src=\"https:\/\/i0.wp.com\/thesolo.house\/wp-content\/uploads\/2025\/10\/Regione-Emilia-Romagna-Expo-Osaka-2025-02.webp?fit=1682%2C1110&amp;ssl=1\" class=\"attachment-full size-full wp-image-9668\" alt=\"Regione Emilia-Romagna Expo Osaka 2025\" srcset=\"https:\/\/i0.wp.com\/thesolo.house\/wp-content\/uploads\/2025\/10\/Regione-Emilia-Romagna-Expo-Osaka-2025-02.webp?w=1682&amp;ssl=1 1682w, https:\/\/i0.wp.com\/thesolo.house\/wp-content\/uploads\/2025\/10\/Regione-Emilia-Romagna-Expo-Osaka-2025-02.webp?resize=300%2C198&amp;ssl=1 300w, https:\/\/i0.wp.com\/thesolo.house\/wp-content\/uploads\/2025\/10\/Regione-Emilia-Romagna-Expo-Osaka-2025-02.webp?resize=1024%2C676&amp;ssl=1 1024w, https:\/\/i0.wp.com\/thesolo.house\/wp-content\/uploads\/2025\/10\/Regione-Emilia-Romagna-Expo-Osaka-2025-02.webp?resize=768%2C507&amp;ssl=1 768w, https:\/\/i0.wp.com\/thesolo.house\/wp-content\/uploads\/2025\/10\/Regione-Emilia-Romagna-Expo-Osaka-2025-02.webp?resize=1536%2C1014&amp;ssl=1 1536w, https:\/\/i0.wp.com\/thesolo.house\/wp-content\/uploads\/2025\/10\/Regione-Emilia-Romagna-Expo-Osaka-2025-02.webp?resize=18%2C12&amp;ssl=1 18w\" sizes=\"(max-width: 1300px) 100vw, 1300px\" data-attachment-id=\"9668\" data-permalink=\"https:\/\/thesolo.house\/brands\/the-solo-house-x-emilia-romagna-at-expo-osaka-2025\/attachment\/regione-emilia-romagna-expo-osaka-2025-02\/\" data-orig-file=\"https:\/\/i0.wp.com\/thesolo.house\/wp-content\/uploads\/2025\/10\/Regione-Emilia-Romagna-Expo-Osaka-2025-02.webp?fit=1682%2C1110&amp;ssl=1\" data-orig-size=\"1682,1110\" data-comments-opened=\"1\" data-image-meta=\"{&quot;aperture&quot;:&quot;0&quot;,&quot;credit&quot;:&quot;&quot;,&quot;camera&quot;:&quot;&quot;,&quot;caption&quot;:&quot;&quot;,&quot;created_timestamp&quot;:&quot;0&quot;,&quot;copyright&quot;:&quot;&quot;,&quot;focal_length&quot;:&quot;0&quot;,&quot;iso&quot;:&quot;0&quot;,&quot;shutter_speed&quot;:&quot;0&quot;,&quot;title&quot;:&quot;&quot;,&quot;orientation&quot;:&quot;0&quot;}\" data-image-title=\"Regione Emilia-Romagna Expo Osaka 2025\" data-image-description=\"\" data-image-caption=\"&lt;p&gt;Regione Emilia-Romagna Expo Osaka 2025&lt;\/p&gt;\" data-large-file=\"https:\/\/i0.wp.com\/thesolo.house\/wp-content\/uploads\/2025\/10\/Regione-Emilia-Romagna-Expo-Osaka-2025-02.webp?fit=1024%2C676&amp;ssl=1\" \/>\t\t\t\t\t\t\t\t\t\t\t<figcaption class=\"widget-image-caption wp-caption-text\">Photo by Yumeng Zhu<\/figcaption>\n\t\t\t\t\t\t\t\t\t\t<\/figure>\n\t\t\t\t\t\t\t\t\t<\/div>\n\t\t\t\t<\/div>\n\t\t\t\t\t<\/div>\n\t\t\t\t<\/div>\n\t\t<div class=\"elementor-element elementor-element-2a46fc0 e-flex e-con-boxed e-con e-parent\" data-id=\"2a46fc0\" data-element_type=\"container\" data-e-type=\"container\">\n\t\t\t\t\t<div class=\"e-con-inner\">\n\t\t\t\t<div class=\"elementor-element elementor-element-5d5406e elementor-widget elementor-widget-text-editor\" data-id=\"5d5406e\" data-element_type=\"widget\" data-e-type=\"widget\" data-widget_type=\"text-editor.default\">\n\t\t\t\t<div class=\"elementor-widget-container\">\n\t\t\t\t\t\t\t\t\t<h6 class=\"translation-block\">L\u2019Expo \u00e8 un grande palcoscenico internazionale, dove Paesi e regioni si raccontano mostrando identit\u00e0, eccellenze e visioni per il futuro. La sfida era condensare in una settimana - dal 21 al 27 settembre - e in uno spazio - il <a href=\"https:\/\/www.emiliaromagnaexpoosaka.it\/it\" target=\"_blank\" rel=\"noopener\"><span style=\"text-decoration: underline\">Padiglione Italia<\/span><\/a> - il racconto di una regione unica per variet\u00e0 e ricchezza.<\/h6><h6 class=\"translation-block\"><strong>Tradizione e innovazione<\/strong>, bellezze naturali e patrimonio artistico, destinazioni turistiche e prodotti alimentari conosciuti in tutto il mondo, eventi sportivi e cultura musicale, universit\u00e0 e imprese d\u2019eccellenza. Queste le linee guida all\u2019interno delle quali si \u00e8 strutturato il nostro racconto dell\u2019Emilia-Romagna, una regione che conosciamo profondamente perch\u00e9 \u00e8 la nostra terra, ma anche grazie all'esperienza maturata in questi anni di collaborazione con <strong>Regione Emilia-Romagna<\/strong> e <strong>Emilia-Romagna Turismo<\/strong>.<\/h6>\t\t\t\t\t\t\t\t<\/div>\n\t\t\t\t<\/div>\n\t\t\t\t<div class=\"elementor-element elementor-element-ef6d921 gallery-spacing-custom elementor-widget elementor-widget-image-gallery\" data-id=\"ef6d921\" data-element_type=\"widget\" data-e-type=\"widget\" data-widget_type=\"image-gallery.default\">\n\t\t\t\t<div class=\"elementor-widget-container\">\n\t\t\t\t\t\t\t<div class=\"elementor-image-gallery\">\n\t\t\t\n<img decoding=\"async\" width=\"1920\" height=\"1440\" src=\"https:\/\/i0.wp.com\/thesolo.house\/wp-content\/uploads\/2025\/10\/Regione-Emilia-Romagna-Expo-Osaka-2025-02.jpeg?fit=1920%2C1440&amp;ssl=1\" class=\"attachment-full size-full\" alt=\"Regione Emilia-Romagna Expo Osaka 2025\" ids=\"9670,9669,9672,9671\" size=\"full\" columns=\"2\" link=\"none\" orderby=\"post__in\" include=\"9670,9669,9672,9671\" srcset=\"https:\/\/i0.wp.com\/thesolo.house\/wp-content\/uploads\/2025\/10\/Regione-Emilia-Romagna-Expo-Osaka-2025-02.jpeg?w=1920&amp;ssl=1 1920w, https:\/\/i0.wp.com\/thesolo.house\/wp-content\/uploads\/2025\/10\/Regione-Emilia-Romagna-Expo-Osaka-2025-02.jpeg?resize=300%2C225&amp;ssl=1 300w, https:\/\/i0.wp.com\/thesolo.house\/wp-content\/uploads\/2025\/10\/Regione-Emilia-Romagna-Expo-Osaka-2025-02.jpeg?resize=1024%2C768&amp;ssl=1 1024w, https:\/\/i0.wp.com\/thesolo.house\/wp-content\/uploads\/2025\/10\/Regione-Emilia-Romagna-Expo-Osaka-2025-02.jpeg?resize=768%2C576&amp;ssl=1 768w, https:\/\/i0.wp.com\/thesolo.house\/wp-content\/uploads\/2025\/10\/Regione-Emilia-Romagna-Expo-Osaka-2025-02.jpeg?resize=1536%2C1152&amp;ssl=1 1536w, https:\/\/i0.wp.com\/thesolo.house\/wp-content\/uploads\/2025\/10\/Regione-Emilia-Romagna-Expo-Osaka-2025-02.jpeg?resize=16%2C12&amp;ssl=1 16w\" sizes=\"(max-width: 1300px) 100vw, 1300px\" data-attachment-id=\"9670\" data-permalink=\"https:\/\/thesolo.house\/regione-emilia-romagna-expo-osaka-2025-02-2\/\" data-orig-file=\"https:\/\/i0.wp.com\/thesolo.house\/wp-content\/uploads\/2025\/10\/Regione-Emilia-Romagna-Expo-Osaka-2025-02.jpeg?fit=1920%2C1440&amp;ssl=1\" data-orig-size=\"1920,1440\" data-comments-opened=\"1\" data-image-meta=\"{&quot;aperture&quot;:&quot;0&quot;,&quot;credit&quot;:&quot;&quot;,&quot;camera&quot;:&quot;&quot;,&quot;caption&quot;:&quot;&quot;,&quot;created_timestamp&quot;:&quot;0&quot;,&quot;copyright&quot;:&quot;&quot;,&quot;focal_length&quot;:&quot;0&quot;,&quot;iso&quot;:&quot;0&quot;,&quot;shutter_speed&quot;:&quot;0&quot;,&quot;title&quot;:&quot;&quot;,&quot;orientation&quot;:&quot;0&quot;}\" data-image-title=\"Regione Emilia-Romagna Expo Osaka 2025\" data-image-description=\"&lt;p&gt;Regione Emilia-Romagna Expo Osaka 2025&lt;\/p&gt;\" data-image-caption=\"&lt;p&gt;Regione Emilia-Romagna Expo Osaka 2025&lt;\/p&gt;\" data-large-file=\"https:\/\/i0.wp.com\/thesolo.house\/wp-content\/uploads\/2025\/10\/Regione-Emilia-Romagna-Expo-Osaka-2025-02.jpeg?fit=1024%2C768&amp;ssl=1\" \/>\n<img decoding=\"async\" width=\"1920\" height=\"1440\" src=\"https:\/\/i0.wp.com\/thesolo.house\/wp-content\/uploads\/2025\/10\/Regione-Emilia-Romagna-Expo-Osaka-2025-01.jpeg?fit=1920%2C1440&amp;ssl=1\" class=\"attachment-full size-full\" alt=\"Regione Emilia-Romagna Expo Osaka 2025\" ids=\"9670,9669,9672,9671\" size=\"full\" columns=\"2\" link=\"none\" orderby=\"post__in\" include=\"9670,9669,9672,9671\" srcset=\"https:\/\/i0.wp.com\/thesolo.house\/wp-content\/uploads\/2025\/10\/Regione-Emilia-Romagna-Expo-Osaka-2025-01.jpeg?w=1920&amp;ssl=1 1920w, https:\/\/i0.wp.com\/thesolo.house\/wp-content\/uploads\/2025\/10\/Regione-Emilia-Romagna-Expo-Osaka-2025-01.jpeg?resize=300%2C225&amp;ssl=1 300w, https:\/\/i0.wp.com\/thesolo.house\/wp-content\/uploads\/2025\/10\/Regione-Emilia-Romagna-Expo-Osaka-2025-01.jpeg?resize=1024%2C768&amp;ssl=1 1024w, https:\/\/i0.wp.com\/thesolo.house\/wp-content\/uploads\/2025\/10\/Regione-Emilia-Romagna-Expo-Osaka-2025-01.jpeg?resize=768%2C576&amp;ssl=1 768w, https:\/\/i0.wp.com\/thesolo.house\/wp-content\/uploads\/2025\/10\/Regione-Emilia-Romagna-Expo-Osaka-2025-01.jpeg?resize=1536%2C1152&amp;ssl=1 1536w, https:\/\/i0.wp.com\/thesolo.house\/wp-content\/uploads\/2025\/10\/Regione-Emilia-Romagna-Expo-Osaka-2025-01.jpeg?resize=16%2C12&amp;ssl=1 16w\" sizes=\"(max-width: 1300px) 100vw, 1300px\" data-attachment-id=\"9669\" data-permalink=\"https:\/\/thesolo.house\/regione-emilia-romagna-expo-osaka-2025-01-2\/\" data-orig-file=\"https:\/\/i0.wp.com\/thesolo.house\/wp-content\/uploads\/2025\/10\/Regione-Emilia-Romagna-Expo-Osaka-2025-01.jpeg?fit=1920%2C1440&amp;ssl=1\" data-orig-size=\"1920,1440\" data-comments-opened=\"1\" data-image-meta=\"{&quot;aperture&quot;:&quot;0&quot;,&quot;credit&quot;:&quot;&quot;,&quot;camera&quot;:&quot;&quot;,&quot;caption&quot;:&quot;&quot;,&quot;created_timestamp&quot;:&quot;0&quot;,&quot;copyright&quot;:&quot;&quot;,&quot;focal_length&quot;:&quot;0&quot;,&quot;iso&quot;:&quot;0&quot;,&quot;shutter_speed&quot;:&quot;0&quot;,&quot;title&quot;:&quot;&quot;,&quot;orientation&quot;:&quot;0&quot;}\" data-image-title=\"Regione Emilia-Romagna Expo Osaka 2025\" data-image-description=\"&lt;p&gt;Regione Emilia-Romagna Expo Osaka 2025&lt;\/p&gt;\" data-image-caption=\"&lt;p&gt;Regione Emilia-Romagna Expo Osaka 2025&lt;\/p&gt;\" data-large-file=\"https:\/\/i0.wp.com\/thesolo.house\/wp-content\/uploads\/2025\/10\/Regione-Emilia-Romagna-Expo-Osaka-2025-01.jpeg?fit=1024%2C768&amp;ssl=1\" \/>\n<img loading=\"lazy\" decoding=\"async\" width=\"1920\" height=\"1277\" src=\"https:\/\/i0.wp.com\/thesolo.house\/wp-content\/uploads\/2025\/10\/Regione-Emilia-Romagna-Expo-Osaka-2025-04.jpeg?fit=1920%2C1277&amp;ssl=1\" class=\"attachment-full size-full\" alt=\"Regione Emilia-Romagna Expo Osaka 2025\" ids=\"9670,9669,9672,9671\" size=\"full\" columns=\"2\" link=\"none\" orderby=\"post__in\" include=\"9670,9669,9672,9671\" srcset=\"https:\/\/i0.wp.com\/thesolo.house\/wp-content\/uploads\/2025\/10\/Regione-Emilia-Romagna-Expo-Osaka-2025-04.jpeg?w=1920&amp;ssl=1 1920w, https:\/\/i0.wp.com\/thesolo.house\/wp-content\/uploads\/2025\/10\/Regione-Emilia-Romagna-Expo-Osaka-2025-04.jpeg?resize=300%2C200&amp;ssl=1 300w, https:\/\/i0.wp.com\/thesolo.house\/wp-content\/uploads\/2025\/10\/Regione-Emilia-Romagna-Expo-Osaka-2025-04.jpeg?resize=1024%2C681&amp;ssl=1 1024w, https:\/\/i0.wp.com\/thesolo.house\/wp-content\/uploads\/2025\/10\/Regione-Emilia-Romagna-Expo-Osaka-2025-04.jpeg?resize=768%2C511&amp;ssl=1 768w, https:\/\/i0.wp.com\/thesolo.house\/wp-content\/uploads\/2025\/10\/Regione-Emilia-Romagna-Expo-Osaka-2025-04.jpeg?resize=1536%2C1022&amp;ssl=1 1536w, https:\/\/i0.wp.com\/thesolo.house\/wp-content\/uploads\/2025\/10\/Regione-Emilia-Romagna-Expo-Osaka-2025-04.jpeg?resize=18%2C12&amp;ssl=1 18w\" sizes=\"(max-width: 1300px) 100vw, 1300px\" data-attachment-id=\"9672\" data-permalink=\"https:\/\/thesolo.house\/regione-emilia-romagna-expo-osaka-2025-04\/\" data-orig-file=\"https:\/\/i0.wp.com\/thesolo.house\/wp-content\/uploads\/2025\/10\/Regione-Emilia-Romagna-Expo-Osaka-2025-04.jpeg?fit=1920%2C1277&amp;ssl=1\" data-orig-size=\"1920,1277\" data-comments-opened=\"1\" data-image-meta=\"{&quot;aperture&quot;:&quot;0&quot;,&quot;credit&quot;:&quot;&quot;,&quot;camera&quot;:&quot;&quot;,&quot;caption&quot;:&quot;&quot;,&quot;created_timestamp&quot;:&quot;0&quot;,&quot;copyright&quot;:&quot;&quot;,&quot;focal_length&quot;:&quot;0&quot;,&quot;iso&quot;:&quot;0&quot;,&quot;shutter_speed&quot;:&quot;0&quot;,&quot;title&quot;:&quot;&quot;,&quot;orientation&quot;:&quot;0&quot;}\" data-image-title=\"Regione Emilia-Romagna Expo Osaka 2025\" data-image-description=\"&lt;p&gt;Regione Emilia-Romagna Expo Osaka 2025&lt;\/p&gt;\" data-image-caption=\"&lt;p&gt;Regione Emilia-Romagna Expo Osaka 2025&lt;\/p&gt;\" data-large-file=\"https:\/\/i0.wp.com\/thesolo.house\/wp-content\/uploads\/2025\/10\/Regione-Emilia-Romagna-Expo-Osaka-2025-04.jpeg?fit=1024%2C681&amp;ssl=1\" \/>\n<img loading=\"lazy\" decoding=\"async\" width=\"1920\" height=\"1280\" src=\"https:\/\/i0.wp.com\/thesolo.house\/wp-content\/uploads\/2025\/10\/Regione-Emilia-Romagna-Expo-Osaka-2025-03.jpeg?fit=1920%2C1280&amp;ssl=1\" class=\"attachment-full size-full\" alt=\"Regione Emilia-Romagna Expo Osaka 2025\" ids=\"9670,9669,9672,9671\" size=\"full\" columns=\"2\" link=\"none\" orderby=\"post__in\" include=\"9670,9669,9672,9671\" srcset=\"https:\/\/i0.wp.com\/thesolo.house\/wp-content\/uploads\/2025\/10\/Regione-Emilia-Romagna-Expo-Osaka-2025-03.jpeg?w=1920&amp;ssl=1 1920w, https:\/\/i0.wp.com\/thesolo.house\/wp-content\/uploads\/2025\/10\/Regione-Emilia-Romagna-Expo-Osaka-2025-03.jpeg?resize=300%2C200&amp;ssl=1 300w, https:\/\/i0.wp.com\/thesolo.house\/wp-content\/uploads\/2025\/10\/Regione-Emilia-Romagna-Expo-Osaka-2025-03.jpeg?resize=1024%2C683&amp;ssl=1 1024w, https:\/\/i0.wp.com\/thesolo.house\/wp-content\/uploads\/2025\/10\/Regione-Emilia-Romagna-Expo-Osaka-2025-03.jpeg?resize=768%2C512&amp;ssl=1 768w, https:\/\/i0.wp.com\/thesolo.house\/wp-content\/uploads\/2025\/10\/Regione-Emilia-Romagna-Expo-Osaka-2025-03.jpeg?resize=1536%2C1024&amp;ssl=1 1536w, https:\/\/i0.wp.com\/thesolo.house\/wp-content\/uploads\/2025\/10\/Regione-Emilia-Romagna-Expo-Osaka-2025-03.jpeg?resize=18%2C12&amp;ssl=1 18w\" sizes=\"(max-width: 1300px) 100vw, 1300px\" data-attachment-id=\"9671\" data-permalink=\"https:\/\/thesolo.house\/regione-emilia-romagna-expo-osaka-2025-03\/\" data-orig-file=\"https:\/\/i0.wp.com\/thesolo.house\/wp-content\/uploads\/2025\/10\/Regione-Emilia-Romagna-Expo-Osaka-2025-03.jpeg?fit=1920%2C1280&amp;ssl=1\" data-orig-size=\"1920,1280\" data-comments-opened=\"1\" data-image-meta=\"{&quot;aperture&quot;:&quot;0&quot;,&quot;credit&quot;:&quot;&quot;,&quot;camera&quot;:&quot;&quot;,&quot;caption&quot;:&quot;&quot;,&quot;created_timestamp&quot;:&quot;0&quot;,&quot;copyright&quot;:&quot;&quot;,&quot;focal_length&quot;:&quot;0&quot;,&quot;iso&quot;:&quot;0&quot;,&quot;shutter_speed&quot;:&quot;0&quot;,&quot;title&quot;:&quot;&quot;,&quot;orientation&quot;:&quot;0&quot;}\" data-image-title=\"Regione Emilia-Romagna Expo Osaka 2025\" data-image-description=\"&lt;p&gt;Regione Emilia-Romagna Expo Osaka 2025&lt;\/p&gt;\" data-image-caption=\"&lt;p&gt;Regione Emilia-Romagna Expo Osaka 2025&lt;\/p&gt;\" data-large-file=\"https:\/\/i0.wp.com\/thesolo.house\/wp-content\/uploads\/2025\/10\/Regione-Emilia-Romagna-Expo-Osaka-2025-03.jpeg?fit=1024%2C683&amp;ssl=1\" \/>\n\t\t<\/div>\n\t\t\t\t\t\t<\/div>\n\t\t\t\t<\/div>\n\t\t\t\t<div class=\"elementor-element elementor-element-c3c0448 elementor-widget elementor-widget-text-editor\" data-id=\"c3c0448\" data-element_type=\"widget\" data-e-type=\"widget\" data-widget_type=\"text-editor.default\">\n\t\t\t\t<div class=\"elementor-widget-container\">\n\t\t\t\t\t\t\t\t\t<h6 class=\"translation-block\">Per dare forma alla ricchezza e alla variet\u00e0 del territorio, il regista <strong>Paolo Freschi<\/strong> ha orchestrato i cinque schermi della sala in un\u2019unica narrazione corale, un\u2019esperienza <strong>immersiva a 360\u00b0<\/strong> sulle note di <em>Libiamo ne' lieti calici<\/em>, celebre episodio del primo atto de <em>La Traviata<\/em> di Giuseppe Verdi, in un\u2019interpretazione di Luciano Pavarotti e Mirella Freni. L\u2019installazione \u00e8 stata realizzata insieme all\u2019agenzia Signed che si \u00e8 occupata dell'allestimento in loco. Un progetto corale che ha unito creativit\u00e0, tecnologia e competenze, per portare la nostra regione al centro di uno dei pi\u00f9 importanti scenari internazionali.<\/h6>\t\t\t\t\t\t\t\t<\/div>\n\t\t\t\t<\/div>\n\t\t\t\t<div class=\"elementor-element elementor-element-dd84393 elementor-widget elementor-widget-video\" data-id=\"dd84393\" data-element_type=\"widget\" data-e-type=\"widget\" data-settings=\"{&quot;video_type&quot;:&quot;hosted&quot;,&quot;controls&quot;:&quot;yes&quot;}\" data-widget_type=\"video.default\">\n\t\t\t\t<div class=\"elementor-widget-container\">\n\t\t\t\t\t\t\t<div class=\"e-hosted-video elementor-wrapper elementor-open-inline\">\n\t\t\t\t\t<video class=\"elementor-video\" src=\"https:\/\/thesolo.house\/wp-content\/uploads\/2025\/10\/Regione-Emilia-Romagna-Expo-Osaka-2025.mp4\" controls=\"\" preload=\"metadata\" controlslist=\"nodownload\" poster=\"https:\/\/thesolo.house\/wp-content\/uploads\/2025\/10\/Regione-Emilia-Romagna-Expo-Osaka-2025.jpg\"><\/video>\n\t\t\t\t<\/div>\n\t\t\t\t\t\t<\/div>\n\t\t\t\t<\/div>\n\t\t\t\t\t<\/div>\n\t\t\t\t<\/div>\n\t\t<div class=\"elementor-element elementor-element-74afbd0 e-flex e-con-boxed e-con e-parent\" data-id=\"74afbd0\" data-element_type=\"container\" data-e-type=\"container\">\n\t\t\t\t\t<div class=\"e-con-inner\">\n\t\t<div class=\"elementor-element elementor-element-3a4ce3d e-con-full e-flex e-con e-child\" data-id=\"3a4ce3d\" data-element_type=\"container\" data-e-type=\"container\">\n\t\t\t\t<div class=\"elementor-element elementor-element-54eb146 elementor-widget__width-initial elementor-widget elementor-widget-text-editor\" data-id=\"54eb146\" data-element_type=\"widget\" data-e-type=\"widget\" data-widget_type=\"text-editor.default\">\n\t\t\t\t<div class=\"elementor-widget-container translation-block\"><pre class=\"p1\">Regia: Paolo Freschi<br>Video editor: Chiara Vertuani<br>Soundtrack: <i>Libiamo ne\u2019 lieti calici<\/i>, Luciano Pavarotti e Mirella Freni live in Modena, 1976.<br>Casa di produzione: The Solo House<br>Local Production: Signed<\/pre><\/div>\n\t\t\t\t<\/div>\n\t\t\t\t<div class=\"elementor-element elementor-element-0104151 elementor-widget elementor-widget-text-editor\" data-id=\"0104151\" data-element_type=\"widget\" data-e-type=\"widget\" data-widget_type=\"text-editor.default\">\n\t\t\t\t<div class=\"elementor-widget-container\">\n\t\t\t\t\t\t\t\t\t<pre><a href=\"https:\/\/www.emiliaromagnaexpoosaka.it\/it\/crediti\/copyright\" target=\"_blank\" rel=\"noopener\">Foto: \u00a9 Regione Emilia-Romagna<\/a><\/pre>\t\t\t\t\t\t\t\t<\/div>\n\t\t\t\t<\/div>\n\t\t\t\t<\/div>\n\t\t\t\t\t<\/div>\n\t\t\t\t<\/div>\n\t\t<div class=\"elementor-element elementor-element-cf52823 e-flex e-con-boxed e-con e-parent\" data-id=\"cf52823\" data-element_type=\"container\" data-e-type=\"container\">\n\t\t\t\t\t<div class=\"e-con-inner\">\n\t\t\t\t<div class=\"elementor-element elementor-element-4b42e48 elementor-widget elementor-widget-spacer\" data-id=\"4b42e48\" data-element_type=\"widget\" data-e-type=\"widget\" data-widget_type=\"spacer.default\">\n\t\t\t\t<div class=\"elementor-widget-container\">\n\t\t\t\t\t\t\t<div class=\"elementor-spacer\">\n\t\t\t<div class=\"elementor-spacer-inner\"><\/div>\n\t\t<\/div>\n\t\t\t\t\t\t<\/div>\n\t\t\t\t<\/div>\n\t\t\t\t<div class=\"elementor-element elementor-element-019f748 elementor-view-default elementor-widget elementor-widget-icon\" data-id=\"019f748\" data-element_type=\"widget\" data-e-type=\"widget\" data-widget_type=\"icon.default\">\n\t\t\t\t<div class=\"elementor-widget-container\">\n\t\t\t\t\t\t\t<div class=\"elementor-icon-wrapper\">\n\t\t\t<a class=\"elementor-icon\" href=\"https:\/\/thesolo.house\/it\/portfolio\/brands\/\">\n\t\t\t<svg xmlns=\"http:\/\/www.w3.org\/2000\/svg\" width=\"24\" height=\"24\" class=\"qodef-svg--pagination-back-link qodef-m-nav-icon\"><path d=\"M0 0h8v8H0zM0 16h8v8H0zM16 0h8v8h-8zM16 16h8v8h-8z\"><\/path><\/svg>\t\t\t<\/a>\n\t\t<\/div>\n\t\t\t\t\t\t<\/div>\n\t\t\t\t<\/div>\n\t\t\t\t\t<\/div>\n\t\t\t\t<\/div>\n\t\t\t\t<\/div>","protected":false},"excerpt":{"rendered":"<p class=\"translation-block\">L\u2019Expo \u00e8 un grande palcoscenico internazionale, dove Paesi e regioni si raccontano mostrando identit\u00e0, eccellenze e visioni per il futuro. La sfida era condensare in una settimana - dal 21 al 27 settembre - e in uno spazio - il <a href=\"https:\/\/www.emiliaromagnaexpoosaka.it\/it\" target=\"_blank\" rel=\"noopener\"><span style=\"text-decoration: underline\">Padiglione Italia<\/span><\/a> - il racconto di una regione unica per variet\u00e0 e ricchezza.<\/p>","protected":false},"author":220971859,"featured_media":0,"comment_status":"closed","ping_status":"closed","sticky":false,"template":"","format":"standard","meta":{"advanced_seo_description":"","jetpack_seo_html_title":"","jetpack_seo_noindex":false,"jetpack_seo_schema_type":"","_jetpack_newsletter_access":"","_jetpack_dont_email_post_to_subs":false,"_jetpack_newsletter_tier_id":0,"_jetpack_memberships_contains_paywalled_content":false,"_wpcom_ai_launchpad_first_post":false,"_jetpack_feature_clip_id":0,"_jetpack_memberships_contains_paid_content":false,"footnotes":"","jetpack_post_was_ever_published":true},"categories":[1437],"tags":[],"class_list":["post-9663","post","type-post","status-publish","format-standard","hentry","category-brands"],"jetpack_shortlink":"https:\/\/wp.me\/pfvd1J-2vR","jetpack-related-posts":[],"jetpack_sharing_enabled":true,"jetpack_featured_media_url":"","_links":{"self":[{"href":"https:\/\/thesolo.house\/it\/wp-json\/wp\/v2\/posts\/9663","targetHints":{"allow":["GET"]}}],"collection":[{"href":"https:\/\/thesolo.house\/it\/wp-json\/wp\/v2\/posts"}],"about":[{"href":"https:\/\/thesolo.house\/it\/wp-json\/wp\/v2\/types\/post"}],"author":[{"embeddable":true,"href":"https:\/\/thesolo.house\/it\/wp-json\/wp\/v2\/users\/220971859"}],"replies":[{"embeddable":true,"href":"https:\/\/thesolo.house\/it\/wp-json\/wp\/v2\/comments?post=9663"}],"version-history":[{"count":41,"href":"https:\/\/thesolo.house\/it\/wp-json\/wp\/v2\/posts\/9663\/revisions"}],"predecessor-version":[{"id":9723,"href":"https:\/\/thesolo.house\/it\/wp-json\/wp\/v2\/posts\/9663\/revisions\/9723"}],"wp:attachment":[{"href":"https:\/\/thesolo.house\/it\/wp-json\/wp\/v2\/media?parent=9663"}],"wp:term":[{"taxonomy":"category","embeddable":true,"href":"https:\/\/thesolo.house\/it\/wp-json\/wp\/v2\/categories?post=9663"},{"taxonomy":"post_tag","embeddable":true,"href":"https:\/\/thesolo.house\/it\/wp-json\/wp\/v2\/tags?post=9663"}],"curies":[{"name":"wp","href":"https:\/\/api.w.org\/{rel}","templated":true}]}}