{"id":9463,"date":"2025-06-24T17:51:44","date_gmt":"2025-06-24T15:51:44","guid":{"rendered":"https:\/\/thesolo.house\/?p=9463"},"modified":"2025-06-24T17:54:38","modified_gmt":"2025-06-24T15:54:38","slug":"rome-open-city-in-the-eyes-of-three-great-photographers","status":"publish","type":"post","link":"https:\/\/thesolo.house\/it\/films\/rome-open-city-in-the-eyes-of-three-great-photographers\/","title":{"rendered":"ROMA VIVE SOTTO LO SGUARDO DI TRE GRANDI FOTOGRAFI"},"content":{"rendered":"<div data-elementor-type=\"wp-post\" data-elementor-id=\"9463\" class=\"elementor elementor-9463\">\n\t\t\t\t\t\t<section class=\"elementor-section elementor-top-section elementor-element elementor-element-bd5e95f elementor-section-full_width elementor-section-height-default elementor-section-height-default\" data-id=\"bd5e95f\" data-element_type=\"section\" data-e-type=\"section\">\n\t\t\t\t\t\t<div class=\"elementor-container elementor-column-gap-default\">\n\t\t\t\t\t<div class=\"elementor-column elementor-col-100 elementor-top-column elementor-element elementor-element-f6e5399\" data-id=\"f6e5399\" data-element_type=\"column\" data-e-type=\"column\">\n\t\t\t<div class=\"elementor-widget-wrap elementor-element-populated\">\n\t\t\t\t\t\t<div class=\"elementor-element elementor-element-dc9e612 elementor-widget elementor-widget-text-editor\" data-id=\"dc9e612\" data-element_type=\"widget\" data-e-type=\"widget\" data-widget_type=\"text-editor.default\">\n\t\t\t\t<div class=\"elementor-widget-container\">\n\t\t\t\t\t\t\t\t\t<h6 class=\"translation-block\">Il Giubileo di Roma visto attraverso la lente di tre grandi fotografi contemporanei: la mostra Citt\u00e0 aperta 2025 -  che inaugura il 25 giugno al <span style=\"text-decoration: underline\"><a href=\"https:\/\/vive.cultura.gov.it\/en\/\" target=\"_blank\" rel=\"noopener\">VIVE<\/a><\/span>, Istituto Vittoriano e Palazzo Venezia - ha invitato <span style=\"text-decoration: underline\"><a href=\"https:\/\/www.magnumphotos.com\/photographer\/paolo-pellegrin\/\" target=\"_blank\" rel=\"noopener\">Paolo Pellegrin<\/a><\/span>, <span style=\"text-decoration: underline\"><a href=\"https:\/\/www.dianabagnoli.com\/\" target=\"_blank\" rel=\"noopener\">Diana Bagnoli<\/a><\/span>, e <span style=\"text-decoration: underline\"><a href=\"https:\/\/www.magnumphotos.com\/photographer\/alex-majoli\/\" target=\"_blank\" rel=\"noopener\">Alex<\/a><\/span><span style=\"text-decoration: underline\"><a href=\"https:\/\/www.magnumphotos.com\/photographer\/alex-majoli\/\" target=\"_blank\" rel=\"noopener\"> Majoli<\/a><\/span> a immortalare un momento unico per la citt\u00e0 eterna, luogo di incontro, di cambiamento, di visioni. Un racconto per immagini accompagnato dai video del regista <span style=\"text-decoration: underline\"><a href=\"https:\/\/www.instagram.com\/paolofreschi\" target=\"_blank\" rel=\"noopener\">Paolo Freschi<\/a><\/span> che restituiscono il senso profondo di una ricerca visiva e umana, capace di cogliere lo spirito di un tempo in trasformazione.<\/h6><h6 class=\"translation-block\"><span style=\"text-decoration: underline\"><a href=\"https:\/\/www.magnumphotos.com\/photographer\/paolo-pellegrin\/\" target=\"_blank\" rel=\"noopener\">Paolo Pellegrin<\/a><\/span> ci racconta questo momento straordinario attraverso i volti dei pellegrini, le attese, i frammenti che rendono questa citt\u00e0 viva, spirituale e aperta. Dai ritratti dei fedeli in preghiera ai paesaggi urbani in mutazione, lo sguardo dell\u2019artista si muove alla ricerca di un\u2019idea di assoluto e restituisce l\u2019immagine di una citt\u00e0 che<\/h6>\t\t\t\t\t\t\t\t<\/div>\n\t\t\t\t<\/div>\n\t\t\t\t\t<\/div>\n\t\t<\/div>\n\t\t\t\t\t<\/div>\n\t\t<\/section>\n\t\t\t\t<section class=\"elementor-section elementor-top-section elementor-element elementor-element-1c3abf9 elementor-section-full_width elementor-section-height-default elementor-section-height-default\" data-id=\"1c3abf9\" data-element_type=\"section\" data-e-type=\"section\">\n\t\t\t\t\t\t<div class=\"elementor-container elementor-column-gap-default\">\n\t\t\t\t\t<div class=\"elementor-column elementor-col-100 elementor-top-column elementor-element elementor-element-51dda29\" data-id=\"51dda29\" data-element_type=\"column\" data-e-type=\"column\">\n\t\t\t<div class=\"elementor-widget-wrap elementor-element-populated\">\n\t\t\t\t\t\t<div class=\"elementor-element elementor-element-0332ce9 elementor-widget elementor-widget-qi_addons_for_elementor_blockquote\" data-id=\"0332ce9\" data-element_type=\"widget\" data-e-type=\"widget\" data-widget_type=\"qi_addons_for_elementor_blockquote.default\">\n\t\t\t\t<div class=\"elementor-widget-container\">\n\t\t\t\t\t<div class=\"qodef-shortcode qodef-m qodef-qi-blockquote qodef-layout--inline qodef--icon-pack\">\n\t\t\t<h4 class=\"qodef-m-text\">\n\t\t\t\t\t\t\t<span class=\"qodef-m-icon\">\n\t\t\t\t\t<svg aria-hidden=\"true\" class=\"e-font-icon-svg e-fas-quote-right\" viewbox=\"0 0 512 512\" xmlns=\"http:\/\/www.w3.org\/2000\/svg\"><path d=\"M464 32H336c-26.5 0-48 21.5-48 48v128c0 26.5 21.5 48 48 48h80v64c0 35.3-28.7 64-64 64h-8c-13.3 0-24 10.7-24 24v48c0 13.3 10.7 24 24 24h8c88.4 0 160-71.6 160-160V80c0-26.5-21.5-48-48-48zm-288 0H48C21.5 32 0 53.5 0 80v128c0 26.5 21.5 48 48 48h80v64c0 35.3-28.7 64-64 64h-8c-13.3 0-24 10.7-24 24v48c0 13.3 10.7 24 24 24h8c88.4 0 160-71.6 160-160V80c0-26.5-21.5-48-48-48z\"><\/path><\/svg>\t\t\t\t<\/span>\n\t\t\t\t\t\t\u00e8 un grande palcoscenico, un grande teatro, apparentemente accessibile ma in realt\u00e0 nascosta\t\t<\/h4>\n\t<\/div>\n\t\t\t\t<\/div>\n\t\t\t\t<\/div>\n\t\t\t\t\t<\/div>\n\t\t<\/div>\n\t\t\t\t\t<\/div>\n\t\t<\/section>\n\t\t<div class=\"elementor-element elementor-element-e32bd7b e-flex e-con-boxed e-con e-parent\" data-id=\"e32bd7b\" data-element_type=\"container\" data-e-type=\"container\">\n\t\t\t\t\t<div class=\"e-con-inner\">\n\t\t\t\t<div class=\"elementor-element elementor-element-cb6bea9 elementor-widget elementor-widget-spacer\" data-id=\"cb6bea9\" data-element_type=\"widget\" data-e-type=\"widget\" data-widget_type=\"spacer.default\">\n\t\t\t\t<div class=\"elementor-widget-container\">\n\t\t\t\t\t\t\t<div class=\"elementor-spacer\">\n\t\t\t<div class=\"elementor-spacer-inner\"><\/div>\n\t\t<\/div>\n\t\t\t\t\t\t<\/div>\n\t\t\t\t<\/div>\n\t\t\t\t\t<\/div>\n\t\t\t\t<\/div>\n\t\t<div class=\"elementor-element elementor-element-14a34b1 e-flex e-con-boxed e-con e-parent\" data-id=\"14a34b1\" data-element_type=\"container\" data-e-type=\"container\">\n\t\t\t\t\t<div class=\"e-con-inner\">\n\t\t\t\t<div class=\"elementor-element elementor-element-fa10fc7 elementor-widget elementor-widget-video\" data-id=\"fa10fc7\" data-element_type=\"widget\" data-e-type=\"widget\" data-settings=\"{&quot;video_type&quot;:&quot;hosted&quot;,&quot;controls&quot;:&quot;yes&quot;}\" data-widget_type=\"video.default\">\n\t\t\t\t<div class=\"elementor-widget-container\">\n\t\t\t\t\t\t\t<div class=\"e-hosted-video elementor-wrapper elementor-open-inline\">\n\t\t\t\t\t<video class=\"elementor-video\" src=\"https:\/\/thesolo.house\/wp-content\/uploads\/2025\/06\/VIVE-Paolo-Pellegrin.mp4\" controls=\"\" preload=\"metadata\" controlslist=\"nodownload\" poster=\"https:\/\/thesolo.house\/wp-content\/uploads\/2025\/06\/VIVE-Paolo-Pellegrin.jpg\"><\/video>\n\t\t\t\t<\/div>\n\t\t\t\t\t\t<\/div>\n\t\t\t\t<\/div>\n\t\t\t\t\t<\/div>\n\t\t\t\t<\/div>\n\t\t<div class=\"elementor-element elementor-element-076bbcf e-flex e-con-boxed e-con e-parent\" data-id=\"076bbcf\" data-element_type=\"container\" data-e-type=\"container\">\n\t\t\t\t\t<div class=\"e-con-inner\">\n\t\t\t\t<div class=\"elementor-element elementor-element-d5c2fcb elementor-widget__width-inherit elementor-widget elementor-widget-text-editor\" data-id=\"d5c2fcb\" data-element_type=\"widget\" data-e-type=\"widget\" data-widget_type=\"text-editor.default\">\n\t\t\t\t<div class=\"elementor-widget-container\">\n\t\t\t\t\t\t\t\t\t<h6 class=\"translation-block\">\u00c8 un Roma profondamente umana e allo stesso tempo simbolica anche quella raccontata da <span style=\"text-decoration: underline\"><a href=\"https:\/\/www.magnumphotos.com\/photographer\/alex-majoli\/\" target=\"_blank\" rel=\"noopener\">Alex Majoli<\/a><\/span>, una citt\u00e0 che continua a cambiare forma e che ci interroga su ci\u00f2 che vediamo e su come lo guardiamo.<\/h6>\t\t\t\t\t\t\t\t<\/div>\n\t\t\t\t<\/div>\n\t\t\t\t\t<\/div>\n\t\t\t\t<\/div>\n\t\t\t\t<section class=\"elementor-section elementor-top-section elementor-element elementor-element-123b50e elementor-section-full_width elementor-section-height-default elementor-section-height-default\" data-id=\"123b50e\" data-element_type=\"section\" data-e-type=\"section\">\n\t\t\t\t\t\t<div class=\"elementor-container elementor-column-gap-default\">\n\t\t\t\t\t<div class=\"elementor-column elementor-col-100 elementor-top-column elementor-element elementor-element-ec18d49\" data-id=\"ec18d49\" data-element_type=\"column\" data-e-type=\"column\">\n\t\t\t<div class=\"elementor-widget-wrap elementor-element-populated\">\n\t\t\t\t\t\t<div class=\"elementor-element elementor-element-a3cb7bc elementor-widget elementor-widget-qi_addons_for_elementor_blockquote\" data-id=\"a3cb7bc\" data-element_type=\"widget\" data-e-type=\"widget\" data-widget_type=\"qi_addons_for_elementor_blockquote.default\">\n\t\t\t\t<div class=\"elementor-widget-container\">\n\t\t\t\t\t<div class=\"qodef-shortcode qodef-m qodef-qi-blockquote qodef-layout--inline qodef--icon-pack\">\n\t\t\t<h4 class=\"qodef-m-text\">\n\t\t\t\t\t\t\t<span class=\"qodef-m-icon\">\n\t\t\t\t\t<svg aria-hidden=\"true\" class=\"e-font-icon-svg e-fas-quote-right\" viewbox=\"0 0 512 512\" xmlns=\"http:\/\/www.w3.org\/2000\/svg\"><path d=\"M464 32H336c-26.5 0-48 21.5-48 48v128c0 26.5 21.5 48 48 48h80v64c0 35.3-28.7 64-64 64h-8c-13.3 0-24 10.7-24 24v48c0 13.3 10.7 24 24 24h8c88.4 0 160-71.6 160-160V80c0-26.5-21.5-48-48-48zm-288 0H48C21.5 32 0 53.5 0 80v128c0 26.5 21.5 48 48 48h80v64c0 35.3-28.7 64-64 64h-8c-13.3 0-24 10.7-24 24v48c0 13.3 10.7 24 24 24h8c88.4 0 160-71.6 160-160V80c0-26.5-21.5-48-48-48z\"><\/path><\/svg>\t\t\t\t<\/span>\n\t\t\t\t\t\tLa fotografia \u00e8 portare nuove immagini in questa societ\u00e0 dove ti devi domandare delle cose, devi creare un dialogo, perch\u00e9 se no siamo passivi.\t\t<\/h4>\n\t<\/div>\n\t\t\t\t<\/div>\n\t\t\t\t<\/div>\n\t\t\t\t\t<\/div>\n\t\t<\/div>\n\t\t\t\t\t<\/div>\n\t\t<\/section>\n\t\t<div class=\"elementor-element elementor-element-636be21 e-flex e-con-boxed e-con e-parent\" data-id=\"636be21\" data-element_type=\"container\" data-e-type=\"container\">\n\t\t\t\t\t<div class=\"e-con-inner\">\n\t\t\t\t<div class=\"elementor-element elementor-element-9839fab elementor-widget elementor-widget-spacer\" data-id=\"9839fab\" data-element_type=\"widget\" data-e-type=\"widget\" data-widget_type=\"spacer.default\">\n\t\t\t\t<div class=\"elementor-widget-container\">\n\t\t\t\t\t\t\t<div class=\"elementor-spacer\">\n\t\t\t<div class=\"elementor-spacer-inner\"><\/div>\n\t\t<\/div>\n\t\t\t\t\t\t<\/div>\n\t\t\t\t<\/div>\n\t\t\t\t\t<\/div>\n\t\t\t\t<\/div>\n\t\t<div class=\"elementor-element elementor-element-68d09e9 e-flex e-con-boxed e-con e-parent\" data-id=\"68d09e9\" data-element_type=\"container\" data-e-type=\"container\">\n\t\t\t\t\t<div class=\"e-con-inner\">\n\t\t\t\t<div class=\"elementor-element elementor-element-2301e5e elementor-widget elementor-widget-video\" data-id=\"2301e5e\" data-element_type=\"widget\" data-e-type=\"widget\" data-settings=\"{&quot;video_type&quot;:&quot;hosted&quot;,&quot;controls&quot;:&quot;yes&quot;}\" data-widget_type=\"video.default\">\n\t\t\t\t<div class=\"elementor-widget-container\">\n\t\t\t\t\t\t\t<div class=\"e-hosted-video elementor-wrapper elementor-open-inline\">\n\t\t\t\t\t<video class=\"elementor-video\" src=\"https:\/\/thesolo.house\/wp-content\/uploads\/2025\/06\/VIVE-Alex-Majoli.mp4\" controls=\"\" preload=\"metadata\" controlslist=\"nodownload\" poster=\"https:\/\/thesolo.house\/wp-content\/uploads\/2025\/06\/VIVE-Alex-Majoli.jpg\"><\/video>\n\t\t\t\t<\/div>\n\t\t\t\t\t\t<\/div>\n\t\t\t\t<\/div>\n\t\t\t\t\t<\/div>\n\t\t\t\t<\/div>\n\t\t<div class=\"elementor-element elementor-element-462c849 e-flex e-con-boxed e-con e-parent\" data-id=\"462c849\" data-element_type=\"container\" data-e-type=\"container\">\n\t\t\t\t\t<div class=\"e-con-inner\">\n\t\t\t\t<div class=\"elementor-element elementor-element-9aa5225 elementor-widget__width-inherit elementor-widget elementor-widget-text-editor\" data-id=\"9aa5225\" data-element_type=\"widget\" data-e-type=\"widget\" data-widget_type=\"text-editor.default\">\n\t\t\t\t<div class=\"elementor-widget-container\">\n\t\t\t\t\t\t\t\t\t<h6 class=\"translation-block\">Intimo ed empatico la sguardo di <span style=\"text-decoration: underline\"><a href=\"https:\/\/www.dianabagnoli.com\/\" target=\"_blank\" rel=\"noopener\">Dania Bagnoli<\/a><\/span>, che ha cercato di restituire la complessit\u00e0 e la bellezza di una citt\u00e0 fatta di tante comunit\u00e0 e di tanti contrasti,<\/h6>\t\t\t\t\t\t\t\t<\/div>\n\t\t\t\t<\/div>\n\t\t\t\t\t<\/div>\n\t\t\t\t<\/div>\n\t\t\t\t<section class=\"elementor-section elementor-top-section elementor-element elementor-element-630f30b elementor-section-full_width elementor-section-height-default elementor-section-height-default\" data-id=\"630f30b\" data-element_type=\"section\" data-e-type=\"section\">\n\t\t\t\t\t\t<div class=\"elementor-container elementor-column-gap-default\">\n\t\t\t\t\t<div class=\"elementor-column elementor-col-100 elementor-top-column elementor-element elementor-element-79c3ece\" data-id=\"79c3ece\" data-element_type=\"column\" data-e-type=\"column\">\n\t\t\t<div class=\"elementor-widget-wrap elementor-element-populated\">\n\t\t\t\t\t\t<div class=\"elementor-element elementor-element-7024e6d elementor-widget elementor-widget-qi_addons_for_elementor_blockquote\" data-id=\"7024e6d\" data-element_type=\"widget\" data-e-type=\"widget\" data-widget_type=\"qi_addons_for_elementor_blockquote.default\">\n\t\t\t\t<div class=\"elementor-widget-container\">\n\t\t\t\t\t<div class=\"qodef-shortcode qodef-m qodef-qi-blockquote qodef-layout--inline qodef--icon-pack\">\n\t\t\t<h4 class=\"qodef-m-text\">\n\t\t\t\t\t\t\t<span class=\"qodef-m-icon\">\n\t\t\t\t\t<svg aria-hidden=\"true\" class=\"e-font-icon-svg e-fas-quote-right\" viewbox=\"0 0 512 512\" xmlns=\"http:\/\/www.w3.org\/2000\/svg\"><path d=\"M464 32H336c-26.5 0-48 21.5-48 48v128c0 26.5 21.5 48 48 48h80v64c0 35.3-28.7 64-64 64h-8c-13.3 0-24 10.7-24 24v48c0 13.3 10.7 24 24 24h8c88.4 0 160-71.6 160-160V80c0-26.5-21.5-48-48-48zm-288 0H48C21.5 32 0 53.5 0 80v128c0 26.5 21.5 48 48 48h80v64c0 35.3-28.7 64-64 64h-8c-13.3 0-24 10.7-24 24v48c0 13.3 10.7 24 24 24h8c88.4 0 160-71.6 160-160V80c0-26.5-21.5-48-48-48z\"><\/path><\/svg>\t\t\t\t<\/span>\n\t\t\t\t\t\tdalla magnificenza del Vaticano a un contesto di migranti molto colorato, molto ricco ma anche molto povero.\t\t<\/h4>\n\t<\/div>\n\t\t\t\t<\/div>\n\t\t\t\t<\/div>\n\t\t\t\t\t<\/div>\n\t\t<\/div>\n\t\t\t\t\t<\/div>\n\t\t<\/section>\n\t\t<div class=\"elementor-element elementor-element-2eadd27 e-flex e-con-boxed e-con e-parent\" data-id=\"2eadd27\" data-element_type=\"container\" data-e-type=\"container\">\n\t\t\t\t\t<div class=\"e-con-inner\">\n\t\t\t\t<div class=\"elementor-element elementor-element-94d18c3 elementor-widget elementor-widget-spacer\" data-id=\"94d18c3\" data-element_type=\"widget\" data-e-type=\"widget\" data-widget_type=\"spacer.default\">\n\t\t\t\t<div class=\"elementor-widget-container\">\n\t\t\t\t\t\t\t<div class=\"elementor-spacer\">\n\t\t\t<div class=\"elementor-spacer-inner\"><\/div>\n\t\t<\/div>\n\t\t\t\t\t\t<\/div>\n\t\t\t\t<\/div>\n\t\t\t\t\t<\/div>\n\t\t\t\t<\/div>\n\t\t<div class=\"elementor-element elementor-element-c9c259b e-flex e-con-boxed e-con e-parent\" data-id=\"c9c259b\" data-element_type=\"container\" data-e-type=\"container\">\n\t\t\t\t\t<div class=\"e-con-inner\">\n\t\t\t\t<div class=\"elementor-element elementor-element-fd301b7 elementor-widget elementor-widget-video\" data-id=\"fd301b7\" data-element_type=\"widget\" data-e-type=\"widget\" data-settings=\"{&quot;video_type&quot;:&quot;hosted&quot;,&quot;controls&quot;:&quot;yes&quot;}\" data-widget_type=\"video.default\">\n\t\t\t\t<div class=\"elementor-widget-container\">\n\t\t\t\t\t\t\t<div class=\"e-hosted-video elementor-wrapper elementor-open-inline\">\n\t\t\t\t\t<video class=\"elementor-video\" src=\"https:\/\/thesolo.house\/wp-content\/uploads\/2025\/06\/VIVE-Diana-Bagnoli.mp4\" controls=\"\" preload=\"metadata\" controlslist=\"nodownload\" poster=\"https:\/\/thesolo.house\/wp-content\/uploads\/2025\/06\/VIVE-Diana-Bagnoli.jpg\"><\/video>\n\t\t\t\t<\/div>\n\t\t\t\t\t\t<\/div>\n\t\t\t\t<\/div>\n\t\t\t\t\t<\/div>\n\t\t\t\t<\/div>\n\t\t<div class=\"elementor-element elementor-element-cf52823 e-flex e-con-boxed e-con e-parent\" data-id=\"cf52823\" data-element_type=\"container\" data-e-type=\"container\">\n\t\t\t\t\t<div class=\"e-con-inner\">\n\t\t\t\t<div class=\"elementor-element elementor-element-acb3bf8 elementor-widget elementor-widget-spacer\" data-id=\"acb3bf8\" data-element_type=\"widget\" data-e-type=\"widget\" data-widget_type=\"spacer.default\">\n\t\t\t\t<div class=\"elementor-widget-container\">\n\t\t\t\t\t\t\t<div class=\"elementor-spacer\">\n\t\t\t<div class=\"elementor-spacer-inner\"><\/div>\n\t\t<\/div>\n\t\t\t\t\t\t<\/div>\n\t\t\t\t<\/div>\n\t\t\t\t<div class=\"elementor-element elementor-element-019f748 elementor-view-default elementor-widget elementor-widget-icon\" data-id=\"019f748\" data-element_type=\"widget\" data-e-type=\"widget\" data-widget_type=\"icon.default\">\n\t\t\t\t<div class=\"elementor-widget-container\">\n\t\t\t\t\t\t\t<div class=\"elementor-icon-wrapper\">\n\t\t\t<a class=\"elementor-icon\" href=\"https:\/\/thesolo.house\/it\/portfolio\/films\/\">\n\t\t\t<svg xmlns=\"http:\/\/www.w3.org\/2000\/svg\" width=\"24\" height=\"24\" class=\"qodef-svg--pagination-back-link qodef-m-nav-icon\"><path d=\"M0 0h8v8H0zM0 16h8v8H0zM16 0h8v8h-8zM16 16h8v8h-8z\"><\/path><\/svg>\t\t\t<\/a>\n\t\t<\/div>\n\t\t\t\t\t\t<\/div>\n\t\t\t\t<\/div>\n\t\t\t\t\t<\/div>\n\t\t\t\t<\/div>\n\t\t\t\t<\/div>","protected":false},"excerpt":{"rendered":"<p>The Jubilee of Rome seen through the lens of three renowned contemporary photographers:the exhibition Open city 2025 \u2013 opening on June 25 at VIVE, Vittoriano and Palazzo Venezia \u2013 has invited Paolo Pellegrin, Diana Bagnoli, and Alex Majoli to capture a unique moment for the Eternal City, a place of dialogue, transformation, and visions. A [&hellip;]<\/p>\n","protected":false},"author":220971859,"featured_media":0,"comment_status":"closed","ping_status":"closed","sticky":false,"template":"","format":"standard","meta":{"advanced_seo_description":"","jetpack_seo_html_title":"","jetpack_seo_noindex":false,"jetpack_seo_schema_type":"","_jetpack_newsletter_access":"","_jetpack_dont_email_post_to_subs":false,"_jetpack_newsletter_tier_id":0,"_jetpack_memberships_contains_paywalled_content":false,"_wpcom_ai_launchpad_first_post":false,"_jetpack_feature_clip_id":0,"_jetpack_memberships_contains_paid_content":false,"footnotes":"","jetpack_post_was_ever_published":true},"categories":[1438],"tags":[],"class_list":["post-9463","post","type-post","status-publish","format-standard","hentry","category-films"],"jetpack_shortlink":"https:\/\/wp.me\/pfvd1J-2sD","jetpack-related-posts":[],"jetpack_sharing_enabled":true,"jetpack_featured_media_url":"","_links":{"self":[{"href":"https:\/\/thesolo.house\/it\/wp-json\/wp\/v2\/posts\/9463","targetHints":{"allow":["GET"]}}],"collection":[{"href":"https:\/\/thesolo.house\/it\/wp-json\/wp\/v2\/posts"}],"about":[{"href":"https:\/\/thesolo.house\/it\/wp-json\/wp\/v2\/types\/post"}],"author":[{"embeddable":true,"href":"https:\/\/thesolo.house\/it\/wp-json\/wp\/v2\/users\/220971859"}],"replies":[{"embeddable":true,"href":"https:\/\/thesolo.house\/it\/wp-json\/wp\/v2\/comments?post=9463"}],"version-history":[{"count":23,"href":"https:\/\/thesolo.house\/it\/wp-json\/wp\/v2\/posts\/9463\/revisions"}],"predecessor-version":[{"id":9492,"href":"https:\/\/thesolo.house\/it\/wp-json\/wp\/v2\/posts\/9463\/revisions\/9492"}],"wp:attachment":[{"href":"https:\/\/thesolo.house\/it\/wp-json\/wp\/v2\/media?parent=9463"}],"wp:term":[{"taxonomy":"category","embeddable":true,"href":"https:\/\/thesolo.house\/it\/wp-json\/wp\/v2\/categories?post=9463"},{"taxonomy":"post_tag","embeddable":true,"href":"https:\/\/thesolo.house\/it\/wp-json\/wp\/v2\/tags?post=9463"}],"curies":[{"name":"wp","href":"https:\/\/api.w.org\/{rel}","templated":true}]}}